{"id":34209,"date":"2022-01-31T16:28:56","date_gmt":"2022-01-31T14:28:56","guid":{"rendered":"https:\/\/motornieuws.huskii.dev\/nieuws\/https-motojournal-be-feu-vert-pour-le-red-bull-erzbergrodeo-2022\/"},"modified":"2023-09-26T13:21:50","modified_gmt":"2023-09-26T11:21:50","slug":"https-motojournal-be-feu-vert-pour-le-red-bull-erzbergrodeo-2022","status":"publish","type":"post","link":"https:\/\/motornieuws.huskii.dev\/fr\/blogs\/https-motojournal-be-feu-vert-pour-le-red-bull-erzbergrodeo-2022\/","title":{"rendered":"Feu vert pour le Red Bull Erzbergrodeo 2022 !"},"content":{"rendered":"\n<p><strong>Apr\u00e8s une interruption de deux ans, le moment est enfin venu. Le <a href=\"https:\/\/www.redbullerzbergrodeo.com\/index.php?lang=EN\" target=\"_blank\" rel=\"noreferrer noopener\">Red Bull Erzbergrodeo<\/a> en Styrie-Autriche aura lieu cette ann\u00e9e. Du 16 au 19 juin 2022, des enduristes du monde entier braveront une nouvelle fois la tristement c\u00e9l\u00e8bre &#8220;Iron Mountain&#8221;. Plus facile \u00e0 dire qu&#8217;\u00e0 faire, si l&#8217;on en croit les images et la vid\u00e9o ci-dessous\u2026<\/strong><\/p>\n\n\n\n<div style=\"height:31px\" aria-hidden=\"true\" class=\"wp-block-spacer\"><\/div>\n\n\n\n<figure class=\"wp-block-image size-large\"><img decoding=\"async\" src=\"https:\/\/motornieuws.huskii.dev\/wp-content\/uploads\/2023\/09\/SI201906020775_news-1-1024x683.jpg\" alt=\"\" class=\"wp-image-30587\"\/><\/figure>\n\n\n\n<div style=\"height:31px\" aria-hidden=\"true\" class=\"wp-block-spacer\"><\/div>\n\n\n\n<p>Faut-il vous expliquer que l&#8217;\u00e9v\u00e9nement est en hibernation depuis deux ans ? Comme tous les grands \u00e9v\u00e9nements de ces deux derni\u00e8res ann\u00e9es, l&#8217;Erzbergrodeo a \u00e9t\u00e9 frein\u00e9 par la pand\u00e9mie. Dommage, car l&#8217;\u00e9v\u00e9nement, qui en est \u00e0 sa 26e \u00e9dition, est consid\u00e9r\u00e9 comme le plus grand festival de moto tout-terrain au monde. Maintenant que les inscriptions sont de nouveau en bonne voie, l&#8217;organisateur Red Bull a annonc\u00e9 les premiers d\u00e9tails.<\/p>\n\n\n\n<div style=\"height:11px\" aria-hidden=\"true\" class=\"wp-block-spacer\"><\/div>\n\n\n\n<h3 class=\"wp-block-heading\"><strong>Plus de 1.000 participants<\/strong><\/h3>\n\n\n\n<p>Sur le site web de l&#8217;\u00e9v\u00e9nement, il appara\u00eet que la pause de deux ans n&#8217;a gu\u00e8re eu d&#8217;effet sur la popularit\u00e9 de cet \u00e9v\u00e8nement, bien au contraire. Les participants semblent encore plus d\u00e9sireux de participer. &#8220;Actuellement, nous avons re\u00e7u 1 200 inscriptions de toute l&#8217;Europe. Pour l&#8217;instant, il y a aussi des contacts avec des participants d&#8217;autres continents, mais il faudra attendre de voir comment la pand\u00e9mie \u00e9volue. Je pense \u00e0 d&#8217;\u00e9ventuelles restrictions de voyage et autres. Mais nous pouvons supposer que d&#8217;ici le mois d&#8217;avril, nous aurons une grille de d\u00e9part compl\u00e8te pour l&#8217;Erzbergrodeo 2022&#8221;, d\u00e9clare le directeur de l&#8217;\u00e9v\u00e9nement, Karl Katoch. Un grand coup de pouce tant pour l&#8217;organisation que pour les participants.<\/p>\n\n\n\n<div style=\"height:31px\" aria-hidden=\"true\" class=\"wp-block-spacer\"><\/div>\n\n\n\n<figure class=\"wp-block-image size-large\"><img decoding=\"async\" src=\"https:\/\/motornieuws.huskii.dev\/wp-content\/uploads\/2023\/09\/SI201906020866_news-1-1024x683.jpg\" alt=\"\" class=\"wp-image-30591\"\/><\/figure>\n\n\n\n<div style=\"height:31px\" aria-hidden=\"true\" class=\"wp-block-spacer\"><\/div>\n\n\n\n<p>Au cours des deux derni\u00e8res ann\u00e9es et demie, l&#8217;Erzberg a \u00e9galement \u00e9t\u00e9 compl\u00e8tement transform\u00e9 par l&#8217;exploitation locale des minerais. Les organisateurs sont donc confront\u00e9s \u00e0 de nouveaux d\u00e9fis dans la construction du parcours. Mais le moment est bien choisi : gr\u00e2ce \u00e0 l&#8217;hiver relativement doux dans la r\u00e9gion, les organisateurs ont d\u00e9j\u00e0 pu examiner et \u00e9valuer de nombreux tron\u00e7ons, nouveaux et anciens, du parcours. Tout va bien se passer !<\/p>\n\n\n\n<div style=\"height:11px\" aria-hidden=\"true\" class=\"wp-block-spacer\"><\/div>\n\n\n\n<h3 class=\"wp-block-heading\"><strong>Nouveau r\u00e8glement<\/strong><\/h3>\n\n\n\n<p>Afin de rendre l&#8217;ascension de l&#8217;Erzberg encore plus difficile qu&#8217;elle ne l&#8217;\u00e9tait d\u00e9j\u00e0, l&#8217;organisation a introduit de nouvelles r\u00e8gles. L&#8217;ensemble du parcours a \u00e9t\u00e9 d\u00e9clar\u00e9 &#8220;zone de non assistance&#8221;. Cela signifie essentiellement que les participants ne sont pas autoris\u00e9s \u00e0 obtenir l&#8217;aide de spectateurs, de m\u00e9caniciens ou d&#8217;autres membres de l&#8217;\u00e9quipe pendant toute la dur\u00e9e de la course. En outre, il n&#8217;y aura aucun point de ravitaillement sur le parcours de pr\u00e8s de 35 kilom\u00e8tres, de sorte que les concurrents devront effectuer toute la course avec un seul r\u00e9servoir de carburant ou de batteries. Dans le pass\u00e9, cela a d\u00e9j\u00e0 sonn\u00e9 le glas pour certains participants &#8220;\u00e9lectrifi\u00e9&#8221;.<\/p>\n\n\n\n<p>Si, apr\u00e8s avoir regard\u00e9 la vid\u00e9o ci-dessous, vous n&#8217;avez pas les mains moites ou un filet de sueur de peur le long de votre colonne vert\u00e9brale, vous pouvez vous inscrire<a href=\"https:\/\/www.redbullerzbergrodeo.com\/index.php?lang=EN\" target=\"_blank\" rel=\"noreferrer noopener\"> ici<\/a>.<\/p>\n\n\n\n<div style=\"height:31px\" aria-hidden=\"true\" class=\"wp-block-spacer\"><\/div>\n\n\n\n<figure class=\"wp-block-embed is-type-video is-provider-youtube wp-block-embed-youtube wp-embed-aspect-16-9 wp-has-aspect-ratio\"><div class=\"wp-block-embed__wrapper\">\n<iframe loading=\"lazy\" title=\"Full Highlights From Erzbergrodeo Red Bull Hare Scramble 2019 | Red Bull Signature Series\" width=\"500\" height=\"281\" src=\"https:\/\/www.youtube.com\/embed\/m5ixPRj--y0?feature=oembed\" frameborder=\"0\" allow=\"accelerometer; autoplay; clipboard-write; encrypted-media; gyroscope; picture-in-picture; web-share\" referrerpolicy=\"strict-origin-when-cross-origin\" allowfullscreen><\/iframe>\n<\/div><\/figure>\n","protected":false},"excerpt":{"rendered":"<p>Apr\u00e8s une interruption de deux ans, le moment est enfin venu. Le Red Bull Erzbergrodeo en Styrie-Autriche aura lieu cette ann\u00e9e. Du 16 au 19 juin 2022, des enduristes du monde entier braveront une nouvelle fois la tristement c\u00e9l\u00e8bre &#8220;Iron Mountain&#8221;. Plus facile \u00e0 dire qu&#8217;\u00e0 faire, si l&#8217;on en croit les images et la [&hellip;]<\/p>\n","protected":false},"author":3,"featured_media":34215,"comment_status":"open","ping_status":"open","sticky":false,"template":"","format":"standard","meta":{"footnotes":""},"categories":[5512],"tags":[1604,5906,1567,3409,3410,3411],"class_list":["post-34209","post","type-post","status-publish","format-standard","has-post-thumbnail","hentry","category-actus","tag-corona","tag-du-16-au-19-juin","tag-enduro","tag-erzbergrodeo","tag-ijzeren-berg","tag-red-bull","motors_type_content-old"],"acf":[],"_links":{"self":[{"href":"https:\/\/motornieuws.huskii.dev\/fr\/wp-json\/wp\/v2\/posts\/34209","targetHints":{"allow":["GET"]}}],"collection":[{"href":"https:\/\/motornieuws.huskii.dev\/fr\/wp-json\/wp\/v2\/posts"}],"about":[{"href":"https:\/\/motornieuws.huskii.dev\/fr\/wp-json\/wp\/v2\/types\/post"}],"author":[{"embeddable":true,"href":"https:\/\/motornieuws.huskii.dev\/fr\/wp-json\/wp\/v2\/users\/3"}],"replies":[{"embeddable":true,"href":"https:\/\/motornieuws.huskii.dev\/fr\/wp-json\/wp\/v2\/comments?post=34209"}],"version-history":[{"count":1,"href":"https:\/\/motornieuws.huskii.dev\/fr\/wp-json\/wp\/v2\/posts\/34209\/revisions"}],"predecessor-version":[{"id":34214,"href":"https:\/\/motornieuws.huskii.dev\/fr\/wp-json\/wp\/v2\/posts\/34209\/revisions\/34214"}],"wp:featuredmedia":[{"embeddable":true,"href":"https:\/\/motornieuws.huskii.dev\/fr\/wp-json\/wp\/v2\/media\/34215"}],"wp:attachment":[{"href":"https:\/\/motornieuws.huskii.dev\/fr\/wp-json\/wp\/v2\/media?parent=34209"}],"wp:term":[{"taxonomy":"category","embeddable":true,"href":"https:\/\/motornieuws.huskii.dev\/fr\/wp-json\/wp\/v2\/categories?post=34209"},{"taxonomy":"post_tag","embeddable":true,"href":"https:\/\/motornieuws.huskii.dev\/fr\/wp-json\/wp\/v2\/tags?post=34209"}],"curies":[{"name":"wp","href":"https:\/\/api.w.org\/{rel}","templated":true}]}}